{"id":262,"date":"2021-03-13T14:10:20","date_gmt":"2021-03-13T14:10:20","guid":{"rendered":"https:\/\/tudatosoregedes.hu\/herstory\/?p=262"},"modified":"2021-11-15T13:46:00","modified_gmt":"2021-11-15T13:46:00","slug":"gazdalkodo-nok-mondtak","status":"publish","type":"post","link":"https:\/\/tudatosoregedes.hu\/herstory\/2021\/03\/13\/gazdalkodo-nok-mondtak\/","title":{"rendered":"Gazd\u00e1lkod\u00f3 n\u0151k mondt\u00e1k"},"content":{"rendered":"\n<div class=\"wp-block-group\"><div class=\"wp-block-group__inner-container is-layout-flow wp-block-group-is-layout-flow\">\n<h4 class=\"has-text-align-center wp-block-heading\"><strong><span class=\"has-inline-color has-luminous-vivid-orange-color\">\u201cAzt gondolom, hogy t\u00f6k j\u00f3 \u00edgy \u00e9lni. Csak m\u00e1sok a m\u00e9r\u0151sz\u00e1mok. M\u00e1shogy kell m\u00e9ricsk\u00e9lni, nem a megszokott m\u00f3don.\u201d<\/span><\/strong><\/h4>\n\n\n\n<h4 class=\"has-text-align-center wp-block-heading\"><strong><span class=\"has-inline-color has-vivid-cyan-blue-color\">\u201cAz OK hogy megtermelem, \u00e9s itt ez a rohadt sok f\u00f6l\u00f6sleg, de azt m\u00e9g valahova el is k\u00e9ne paterolni. \u00c9s lehet\u0151leg \u00fagy, hogy ne kelljen f\u00e9l \u00f3r\u00e1t besz\u00e9lgetnek Gizik\u00e9vel, mikor adok neki egy kil\u00f3 szilv\u00e1t, hanem valahogy \u00edgy hat\u00e9konyan.\u201d<\/span><\/strong><\/h4>\n\n\n\n<div class=\"wp-block-group\"><div class=\"wp-block-group__inner-container is-layout-flow wp-block-group-is-layout-flow\">\n<h4 class=\"has-text-align-center wp-block-heading\"><strong><span class=\"has-inline-color has-luminous-vivid-orange-color\">\u201cNeh\u00e9z \u00fagy termelni, hogy dolgozol napk\u00f6zben. Nekem legal\u00e1bbis ez neh\u00e9z.\u201d<\/span><\/strong><\/h4>\n\n\n\n<h4 class=\"has-text-align-center wp-block-heading\"><strong><span class=\"has-inline-color has-vivid-cyan-blue-color\">\u201cVagy az van, hogy termelsz mint az atom, \u00e9s akkor nagyon kif\u00e1radsz, \u00e9s ez lehet hogy nem \u00e9ri meg. \u00c9n mindenkit meg\u00e9rtek aki nem gondozza a kertj\u00e9t. De az van, hogy am\u00edg el\u0151\u00e1ll\u00edtasz egy kil\u00f3 krumplit, rohadt sok munk\u00e1val \u00e9s rohads sok rizik\u00f3val, addig ezt meg tudod venni nagyon olcs\u00f3n. Ki a t\u00f6k\u00f6m babr\u00e1l annyit a krumplival, \u00e9s szedi naponta a krumplibogarakat, meg kap\u00e1lja meg basztatja, meg veszi meg a vet\u0151 krumplit nagyon sok p\u00e9nz\u00e9rt. Annyi p\u00e9nz\u00e9rt vettem vet\u0151krumplit, amit ha zs\u00e1kos krimplit venn\u00e9k, meglenne az \u00e9ves krumplimennyis\u00e9gem.\u201d<\/span><\/strong><\/h4>\n\n\n\n<h4 class=\"has-text-align-center wp-block-heading\"><strong><span class=\"has-inline-color has-luminous-vivid-orange-color\">\u201cAm\u00edg hobbib\u00f3l csin\u00e1lja az ember, addig t\u00f6k j\u00f3. De onnant\u00f3l, hogy meg\u00e9lhet\u00e9sb\u0151l p\u00e9ld\u00e1ul, onnant\u00f3l eg\u00e9szen m\u00e1s az \u00e1rfolyam.\u201d<\/span><\/strong><\/h4>\n\n\n\n<h4 class=\"has-text-align-center wp-block-heading\"><strong><span class=\"has-inline-color has-vivid-cyan-blue-color\">\u201cEls\u0151 \u00e9vben csak biciklim volt, meg t\u00f6megk\u00f6zlekedve j\u00e1rtam. H\u00e1t az ilyen kamik\u00e1ze akci\u00f3. Innen, vas\u00e1rnap, h\u00e1rom busz van be Kecskem\u00e9tre. Egy hajnalban, egy d\u00e9lben, egy meg este kilenckor. Egy \u00e9vig nagyon kitart\u00f3an pr\u00f3b\u00e1lkoztam meg\u00e9lni aut\u00f3 n\u00e9lk\u00fcl. De r\u00e1j\u00f6ttem, hogy ez \u00edgy extra szopacs. Kell aut\u00f3 \u00e9s az meg sok p\u00e9nz.\u201d<\/span><\/strong><\/h4>\n\n\n\n<h4 class=\"has-text-align-center wp-block-heading\"><strong><span class=\"has-inline-color has-luminous-vivid-orange-color\">\u201cVan k\u00e9t gyerekem, akiknek mai ig\u00e9nyei vannak, amit nem lehet krumplival meg toj\u00e1ssal kiel\u00e9g\u00edteni.\u201d<\/span><\/strong><\/h4>\n<\/div><\/div>\n<\/div><\/div>\n","protected":false},"excerpt":{"rendered":"<p>\u201cAzt gondolom, hogy t\u00f6k j\u00f3 \u00edgy \u00e9lni. Csak m\u00e1sok a m\u00e9r\u0151sz\u00e1mok. M\u00e1shogy kell m\u00e9ricsk\u00e9lni, nem a megszokott m\u00f3don.\u201d<\/p>\n","protected":false},"author":1,"featured_media":72,"comment_status":"closed","ping_status":"closed","sticky":false,"template":"","format":"standard","meta":{"pagelayer_contact_templates":[],"_pagelayer_content":"","footnotes":""},"categories":[5,16],"tags":[],"class_list":["post-262","post","type-post","status-publish","format-standard","has-post-thumbnail","hentry","category-biogazda","category-nok-meselnek"],"_links":{"self":[{"href":"https:\/\/tudatosoregedes.hu\/herstory\/wp-json\/wp\/v2\/posts\/262","targetHints":{"allow":["GET"]}}],"collection":[{"href":"https:\/\/tudatosoregedes.hu\/herstory\/wp-json\/wp\/v2\/posts"}],"about":[{"href":"https:\/\/tudatosoregedes.hu\/herstory\/wp-json\/wp\/v2\/types\/post"}],"author":[{"embeddable":true,"href":"https:\/\/tudatosoregedes.hu\/herstory\/wp-json\/wp\/v2\/users\/1"}],"replies":[{"embeddable":true,"href":"https:\/\/tudatosoregedes.hu\/herstory\/wp-json\/wp\/v2\/comments?post=262"}],"version-history":[{"count":12,"href":"https:\/\/tudatosoregedes.hu\/herstory\/wp-json\/wp\/v2\/posts\/262\/revisions"}],"predecessor-version":[{"id":275,"href":"https:\/\/tudatosoregedes.hu\/herstory\/wp-json\/wp\/v2\/posts\/262\/revisions\/275"}],"wp:featuredmedia":[{"embeddable":true,"href":"https:\/\/tudatosoregedes.hu\/herstory\/wp-json\/wp\/v2\/media\/72"}],"wp:attachment":[{"href":"https:\/\/tudatosoregedes.hu\/herstory\/wp-json\/wp\/v2\/media?parent=262"}],"wp:term":[{"taxonomy":"category","embeddable":true,"href":"https:\/\/tudatosoregedes.hu\/herstory\/wp-json\/wp\/v2\/categories?post=262"},{"taxonomy":"post_tag","embeddable":true,"href":"https:\/\/tudatosoregedes.hu\/herstory\/wp-json\/wp\/v2\/tags?post=262"}],"curies":[{"name":"wp","href":"https:\/\/api.w.org\/{rel}","templated":true}]}}